{"id":3248,"date":"2022-06-03T11:35:50","date_gmt":"2022-06-03T10:35:50","guid":{"rendered":"https:\/\/bombersdipcas.es\/?p=3248"},"modified":"2022-06-03T15:11:43","modified_gmt":"2022-06-03T14:11:43","slug":"la-diputacio-rep-al-jove-bomber-de-benicarlo-que-han-guanyat-huit-medalles-al-mundial-de-lisboa","status":"publish","type":"post","link":"https:\/\/bombersdipcas.es\/val\/la-diputacio-rep-al-jove-bomber-de-benicarlo-que-han-guanyat-huit-medalles-al-mundial-de-lisboa\/","title":{"rendered":"La Diputaci\u00f3 rep al jove bomber de Benicarl\u00f3 que ha guanyat huit medalles al Mundial de Lisboa"},"content":{"rendered":"\n<p>La Diputaci\u00f3 de Castell\u00f3 ha homenatjat en el Palau Provincial a Jos\u00e9 Luis Carri\u00f3n, jove integrant de la plantilla de&nbsp;Bombers Diputaci\u00f3 Castell\u00f3&nbsp;que ha obtingut huit medalles d&#8217;or en el Mundial de Bombers celebrat a Lisboa, en la disciplina de nataci\u00f3. Sis han sigut en competici\u00f3 individual i dues per equips. El president de la Diputaci\u00f3, Jos\u00e9 Mart\u00ed, i el diputat provincial de Bombers, Abel Ib\u00e1\u00f1ez, han rebut a aquest nadador adscrit al Parc de bombers de Benicarl\u00f3 i li han felicitat pels seus assoliments.<\/p>\n\n\n\n<p>Mart\u00ed ha ressaltat \u2018\u2019el potencial f\u00edsic i mental que trobem en els nostres bombers, del que \u00e9s un bon exemple Jos\u00e9 Luis, un dels millors participants dels m\u00e9s de 40 pa\u00efsos que han pres part en les competicions programades en aquest torneig\u201d.<\/p>\n\n\n\n<p>El president ha animat a Carri\u00f3n a continuar entrenant \u201cper a renovar o millorar els \u00e8xits en el pr\u00f2xim mundial que se celebrar\u00e0 dins de dos anys\u201d.<\/p>\n\n\n\n<p>El bomber del parc de Benicarl\u00f3 ha agra\u00eft a la instituci\u00f3 provincial el seu suport i ha explicat que es va al\u00e7ar amb la vict\u00f2ria en les proves de 100, 200 i 400 metres lliures, 200 metres d&#8217;estil, i 50 metres papallona, tant a nivell individual com col\u00b7lectiu, formant equip amb bombers del Consorci de Val\u00e8ncia. Amb aquests resultats, Jos\u00e9 Luis Carri\u00f3n ha contribu\u00eft de manera decisiva al fet que Espanya haja obtingut el millor resultat de la seua hist\u00f2ria en aquesta competici\u00f3.<\/p>\n\n\n\n<p>En aquesta catorzena edici\u00f3 dels \u2018World Firefighters Games\u2019, celebrada a Lisboa del 30 d&#8217;abril al 7 de maig, bombers de tota Espanya han competit en m\u00e9s de 40 esports.<\/p>\n\n\n\n<figure class=\"wp-block-gallery columns-2 is-cropped\"><ul class=\"blocks-gallery-grid\"><li class=\"blocks-gallery-item\"><figure><img loading=\"lazy\" width=\"1024\" height=\"682\" src=\"https:\/\/bombersdipcas.es\/wp-content\/uploads\/2022\/06\/1-1024x682.jpg\" alt=\"\" data-id=\"3237\" data-full-url=\"https:\/\/bombersdipcas.es\/wp-content\/uploads\/2022\/06\/1.jpg\" data-link=\"https:\/\/bombersdipcas.es\/val\/1-2-2\/\" class=\"wp-image-3237\" srcset=\"https:\/\/bombersdipcas.es\/wp-content\/uploads\/2022\/06\/1-1024x682.jpg 1024w, https:\/\/bombersdipcas.es\/wp-content\/uploads\/2022\/06\/1-300x200.jpg 300w, https:\/\/bombersdipcas.es\/wp-content\/uploads\/2022\/06\/1-768x512.jpg 768w, https:\/\/bombersdipcas.es\/wp-content\/uploads\/2022\/06\/1-1536x1023.jpg 1536w, https:\/\/bombersdipcas.es\/wp-content\/uploads\/2022\/06\/1.jpg 1600w\" sizes=\"(max-width: 1024px) 100vw, 1024px\" \/><\/figure><\/li><li class=\"blocks-gallery-item\"><figure><img loading=\"lazy\" width=\"750\" height=\"562\" src=\"https:\/\/bombersdipcas.es\/wp-content\/uploads\/2022\/06\/2.jpg\" alt=\"\" data-id=\"3241\" data-full-url=\"https:\/\/bombersdipcas.es\/wp-content\/uploads\/2022\/06\/2.jpg\" data-link=\"https:\/\/bombersdipcas.es\/val\/2-2-2\/\" class=\"wp-image-3241\" srcset=\"https:\/\/bombersdipcas.es\/wp-content\/uploads\/2022\/06\/2.jpg 750w, https:\/\/bombersdipcas.es\/wp-content\/uploads\/2022\/06\/2-300x225.jpg 300w\" sizes=\"(max-width: 750px) 100vw, 750px\" \/><\/figure><\/li><\/ul><\/figure>\n","protected":false},"excerpt":{"rendered":"<p>La Diputaci\u00f3 de Castell\u00f3 ha homenatjat en el Palau Provincial a Jos\u00e9 Luis Carri\u00f3n, jove integrant de la plantilla de&nbsp;Bombers Diputaci\u00f3 Castell\u00f3&nbsp;que ha obtingut huit medalles d&#8217;or en el Mundial [&hellip;]<\/p>\n","protected":false},"author":1,"featured_media":3237,"comment_status":"closed","ping_status":"closed","sticky":false,"template":"","format":"standard","meta":[],"categories":[67],"tags":[96,104,103],"_links":{"self":[{"href":"https:\/\/bombersdipcas.es\/val\/wp-json\/wp\/v2\/posts\/3248"}],"collection":[{"href":"https:\/\/bombersdipcas.es\/val\/wp-json\/wp\/v2\/posts"}],"about":[{"href":"https:\/\/bombersdipcas.es\/val\/wp-json\/wp\/v2\/types\/post"}],"author":[{"embeddable":true,"href":"https:\/\/bombersdipcas.es\/val\/wp-json\/wp\/v2\/users\/1"}],"replies":[{"embeddable":true,"href":"https:\/\/bombersdipcas.es\/val\/wp-json\/wp\/v2\/comments?post=3248"}],"version-history":[{"count":2,"href":"https:\/\/bombersdipcas.es\/val\/wp-json\/wp\/v2\/posts\/3248\/revisions"}],"predecessor-version":[{"id":3277,"href":"https:\/\/bombersdipcas.es\/val\/wp-json\/wp\/v2\/posts\/3248\/revisions\/3277"}],"wp:featuredmedia":[{"embeddable":true,"href":"https:\/\/bombersdipcas.es\/val\/wp-json\/wp\/v2\/media\/3237"}],"wp:attachment":[{"href":"https:\/\/bombersdipcas.es\/val\/wp-json\/wp\/v2\/media?parent=3248"}],"wp:term":[{"taxonomy":"category","embeddable":true,"href":"https:\/\/bombersdipcas.es\/val\/wp-json\/wp\/v2\/categories?post=3248"},{"taxonomy":"post_tag","embeddable":true,"href":"https:\/\/bombersdipcas.es\/val\/wp-json\/wp\/v2\/tags?post=3248"}],"curies":[{"name":"wp","href":"https:\/\/api.w.org\/{rel}","templated":true}]}}